{"id":3318,"date":"2021-10-04T14:48:28","date_gmt":"2021-10-04T14:48:28","guid":{"rendered":"https:\/\/digicrac.com\/?p=3318"},"modified":"2021-10-05T08:37:44","modified_gmt":"2021-10-05T08:37:44","slug":"c-est-qui-le-patron-la-juste-place-du-digital","status":"publish","type":"post","link":"https:\/\/digicrac.com\/fr\/c-est-qui-le-patron-la-juste-place-du-digital\/","title":{"rendered":"C&rsquo;est qui le patron ?"},"content":{"rendered":"<div id=\"dslc-theme-content\"><div id=\"dslc-theme-content-inner\">\n<div class=\"wp-block-group\"><div class=\"wp-block-group__inner-container is-layout-flow wp-block-group-is-layout-flow\">\n<h2 class=\"wp-block-heading\">ou de la juste place du digital dans la vie des humains<\/h2>\n\n\n\n<div style=\"height:100px\" aria-hidden=\"true\" class=\"wp-block-spacer\"><\/div>\n\n\n\n<p>Oui, j&rsquo;aime le digital. Il a d\u00e9boul\u00e9 dans ma vie il y a 23 ans alors que la gestion du site internet s&rsquo;est impos\u00e9e dans ma fiche de poste jusqu&rsquo;alors tr\u00e8s centr\u00e9e sur le marketing traditionnel. Et je m&rsquo;en suis r\u00e9jouie tant les possibilit\u00e9s \u00e9taient immenses. Les ann\u00e9es passant, il a pris de plus en plus de place dans mon emploi du temps : le marketing digital s\u2019est impos\u00e9 dans mon activit\u00e9 de conseil, suivi d&rsquo;une sp\u00e9cialisation en SEO, puis je suis devenue formatrice SEO pour les cr\u00e9ateurs\/trices d&rsquo;entreprise, j&rsquo;ai cr\u00e9\u00e9 ma premi\u00e8re entreprise enti\u00e8rement digitale, puis mon agence de marketing digital et enfin, j\u2019ai d\u00e9velopp\u00e9 Digital Evaluation qui d\u00e9tecte les attentes des consommateurs \u00e0 partir de leurs recherches sur Google.<br><br><\/p>\n\n\n\n<p>Oui, la marketeuse qui vit en moi s&rsquo;est enthousiasm\u00e9e \u00e0 chaque \u00e9tape. Aujourd&rsquo;hui encore, la possibilit\u00e9 de d\u00e9couvrir quasiment en temps r\u00e9el les recherches des consommateurs am\u00e9ricains, allemands ou fran\u00e7ais en scrutant leurs recherches sur Google me fascine.<br>Oui, mais \u00e7a n&rsquo;est pas parce que le digital nous a fourni des possibilit\u00e9s immenses qu&rsquo;il faut en oublier l&rsquo;essentiel : il doit rester au service de l&rsquo;homme.<\/p>\n\n\n\n<figure class=\"wp-block-image size-large\"><img loading=\"lazy\" decoding=\"async\" width=\"1024\" height=\"532\" src=\"https:\/\/digicrac.com\/wp-content\/uploads\/Infographie-Digicrac-Cest-qui-le-patron-Le-marketeur-condamne-a-livrer-a-Google-son-contenu-quotidien-sans-GIF-1024x532.png\" alt=\"Infographie Digicrac - C'est qui le patron - Le marketeur condamn\u00e9 \u00e0 livrer \u00e0 Google son contenu quotidien GIF\" class=\"wp-image-3327\" srcset=\"https:\/\/digicrac.com\/wp-content\/uploads\/Infographie-Digicrac-Cest-qui-le-patron-Le-marketeur-condamne-a-livrer-a-Google-son-contenu-quotidien-sans-GIF-1024x532.png 1024w, https:\/\/digicrac.com\/wp-content\/uploads\/Infographie-Digicrac-Cest-qui-le-patron-Le-marketeur-condamne-a-livrer-a-Google-son-contenu-quotidien-sans-GIF-300x156.png 300w, https:\/\/digicrac.com\/wp-content\/uploads\/Infographie-Digicrac-Cest-qui-le-patron-Le-marketeur-condamne-a-livrer-a-Google-son-contenu-quotidien-sans-GIF-768x399.png 768w, https:\/\/digicrac.com\/wp-content\/uploads\/Infographie-Digicrac-Cest-qui-le-patron-Le-marketeur-condamne-a-livrer-a-Google-son-contenu-quotidien-sans-GIF-1536x798.png 1536w, https:\/\/digicrac.com\/wp-content\/uploads\/Infographie-Digicrac-Cest-qui-le-patron-Le-marketeur-condamne-a-livrer-a-Google-son-contenu-quotidien-sans-GIF-2048x1064.png 2048w\" sizes=\"auto, (max-width: 1024px) 100vw, 1024px\" \/><figcaption>C&rsquo;est qui le patron ou la juste place du digital dans la vie des humains &#8211; Infographie Digicrac<\/figcaption><\/figure>\n\n\n\n<p>Produire du contenu \u00e0 valeur ajout\u00e9e pour \u00e9clairer vos clients et en profiter pour optimiser le r\u00e9f\u00e9rencement naturel de votre site, oui ! Mais produire du contenu inutile \u00e0 la tonne pour satisfaire Google, non. Si \u00e7a devient uniquement \u00e7a, des images se bousculent dans mon esprit. Tel un cheminot, pelletant le charbon sans rel\u00e2che pour nourrir la locomotive et entretenir le feu qui d\u00e9vore tout, je produis mon contenu et nourrit la gueule b\u00e9ante de Google. Ou je me vois dans la matrice qui puise sa puissance dans la production continue, infinie et \u00e9puisante de mon contenu. Ou encore je suis Sisyphe, produisant encore et toujours du contenu, le poussant vers Google qui l&rsquo;avale, me repousse au fond du trou et m&rsquo;en redemande. Plus r\u00e9cent, plus riche, plus illustr\u00e9, plus long ! <\/p>\n\n\n\n<p>Et puis l\u2019enqu\u00eate de <a href=\"http:\/\/www.editionslesliensquiliberent.fr\/livre-L_enfer_num%C3%A9rique-662-1-1-0-1.html\">Guillaume Pitron<\/a> sur le co\u00fbt du like. Et mon contenu \u00ab\u00a0immat\u00e9riel\u00a0\u00bb ne fait plus seulement de moi une machine mais une pollueuse ! Les datas centers poussent comme des champignons pour h\u00e9berger ces tonnes de contenus inutiles\u2026<br><br><\/p>\n\n\n\n<p>Le catastrophisme est souvent contre-productif, ma vision peut-\u00eatre un peu sombre apr\u00e8s presque deux ans d&rsquo;usage abusif du digital pendant lesquelles les humains m&rsquo;ont tellement manqu\u00e9, mais quand m\u00eame. Il me semblait n\u00e9cessaire de se souvenir des origines. Tout \u00e7a, au d\u00e9part, c&rsquo;\u00e9tait cens\u00e9 simplifier la vie des clients, permettre aux marketeurs de mieux cerner l&rsquo;\u00e9volution des attentes de leurs clients pour ajuster leurs offres, donner plus de visibilit\u00e9 aux commer\u00e7ants. On me reprochera peut-\u00eatre de caricaturer mais tant pis, je le dis : ne laissons pas les algorithmes nous dicter nos conduites. Laissons-les \u00e0 leur place, l\u00e0 o\u00f9 ils sont merveilleusement utiles : \u00e0 notre service.<br>Parce qu&rsquo;\u00e0 la fin, c&rsquo;est qui le patron !<\/p>\n\n\n\n<p><br><\/p>\n\n\n\n<p><\/p>\n\n\n\n<div class=\"wp-block-group\"><div class=\"wp-block-group__inner-container is-layout-flow wp-block-group-is-layout-flow\">\n<div class=\"wp-block-group\"><div class=\"wp-block-group__inner-container is-layout-flow wp-block-group-is-layout-flow\">\n<div style=\"height:31px\" aria-hidden=\"true\" class=\"wp-block-spacer\"><\/div>\n<\/div><\/div>\n\n\n\n<p><\/p>\n<\/div><\/div>\n\n\n\n<div style=\"height:31px\" aria-hidden=\"true\" class=\"wp-block-spacer\"><\/div>\n\n\n\n<p><\/p>\n\n\n\n<div style=\"height:31px\" aria-hidden=\"true\" class=\"wp-block-spacer\"><\/div>\n\n\n\n<p><\/p>\n\n\n\n<div style=\"height:31px\" aria-hidden=\"true\" class=\"wp-block-spacer\"><\/div>\n\n\n\n<div style=\"height:31px\" aria-hidden=\"true\" class=\"wp-block-spacer\"><\/div>\n\n\n\n<h2 class=\"wp-block-heading\"><\/h2>\n\n\n\n<p><\/p>\n\n\n\n<p><\/p>\n\n\n\n<h2 class=\"wp-block-heading\"><\/h2>\n\n\n\n<div style=\"height:31px\" aria-hidden=\"true\" class=\"wp-block-spacer\"><\/div>\n\n\n\n<p><\/p>\n\n\n\n<hr class=\"wp-block-separator\"\/>\n\n\n\n<p><em>Digicrac a d\u00e9velopp\u00e9 Digital Evaluation, une solution de d\u00e9tection des attentes des consommateurs \u00e0 partir de leurs recherches sur Google en France et \u00e0 l&rsquo;international. Fruit d\u2019un an et demi de R&amp;D, notre solution couple algorithmes s\u00e9mantiques et intelligence humaine.<\/em><\/p>\n\n\n\n<p>En savoir plus sur <a href=\"https:\/\/digicrac.com\/fr\/cabinet-de-conseil-en-developpement-international\/\">Digital Evaluation <\/a>par Digicrac<\/p>\n<\/div><\/div>\n\n\n\n<p><\/p>\n\n\n\n<h2 class=\"wp-block-heading\"><\/h2>\n<\/div><\/div>","protected":false},"excerpt":{"rendered":"<p>C&rsquo;est qui le patron ? Ou de la juste place du digital dans la vie des humains <\/p>\n","protected":false},"author":5,"featured_media":3322,"comment_status":"closed","ping_status":"open","sticky":false,"template":"","format":"standard","meta":{"_acf_changed":false,"footnotes":""},"categories":[49],"tags":[92,91,80],"class_list":["post-3318","post","type-post","status-publish","format-standard","has-post-thumbnail","hentry","category-actualites-seo","tag-algorithmes","tag-contenu","tag-seo"],"acf":[],"yoast_head":"<!-- This site is optimized with the Yoast SEO plugin v27.5 - https:\/\/yoast.com\/product\/yoast-seo-wordpress\/ -->\n<title>C&#039;est qui le patron ?- par Anne-Marie Urrutia Dumas - Digicrac<\/title>\n<meta name=\"description\" content=\"C&#039;est qui le patron ? La production de contenu doit-elle \u00eatre uniquement motiv\u00e9e par la satisfaction de l&#039;algorithme Google ? Quel impact pour ce contenu &quot;d\u00e9mat\u00e9rialis\u00e9&quot; ? Un plaidoyer pour laisser le digital \u00e0 sa juste place dans la vie des humains\" \/>\n<meta name=\"robots\" content=\"index, follow, max-snippet:-1, max-image-preview:large, max-video-preview:-1\" \/>\n<link rel=\"canonical\" href=\"https:\/\/digicrac.com\/fr\/c-est-qui-le-patron-la-juste-place-du-digital\/\" \/>\n<meta property=\"og:locale\" content=\"fr_FR\" \/>\n<meta property=\"og:type\" content=\"article\" \/>\n<meta property=\"og:title\" content=\"C&#039;est qui le patron ?- par Anne-Marie Urrutia Dumas - Digicrac\" \/>\n<meta property=\"og:description\" content=\"C&#039;est qui le patron ? La production de contenu doit-elle \u00eatre uniquement motiv\u00e9e par la satisfaction de l&#039;algorithme Google ? Quel impact pour ce contenu &quot;d\u00e9mat\u00e9rialis\u00e9&quot; ? Un plaidoyer pour laisser le digital \u00e0 sa juste place dans la vie des humains\" \/>\n<meta property=\"og:url\" content=\"https:\/\/digicrac.com\/fr\/c-est-qui-le-patron-la-juste-place-du-digital\/\" \/>\n<meta property=\"og:site_name\" content=\"DIGICRAC\" \/>\n<meta property=\"article:published_time\" content=\"2021-10-04T14:48:28+00:00\" \/>\n<meta property=\"article:modified_time\" content=\"2021-10-05T08:37:44+00:00\" \/>\n<meta property=\"og:image\" content=\"https:\/\/digicrac.com\/wp-content\/uploads\/Infographie-Digicrac-Cest-qui-le-patron-Le-marketeur-condamne-a-livrer-a-Google-son-contenu-quotidien-GIF-scaled.gif\" \/>\n\t<meta property=\"og:image:width\" content=\"2560\" \/>\n\t<meta property=\"og:image:height\" content=\"1499\" \/>\n\t<meta property=\"og:image:type\" content=\"image\/gif\" \/>\n<meta name=\"author\" content=\"Anne-Marie Urrutia Dumas\" \/>\n<meta name=\"twitter:card\" content=\"summary_large_image\" \/>\n<meta name=\"twitter:label1\" content=\"\u00c9crit par\" \/>\n\t<meta name=\"twitter:data1\" content=\"Anne-Marie Urrutia Dumas\" \/>\n\t<meta name=\"twitter:label2\" content=\"Dur\u00e9e de lecture estim\u00e9e\" \/>\n\t<meta name=\"twitter:data2\" content=\"3 minutes\" \/>\n<script type=\"application\/ld+json\" class=\"yoast-schema-graph\">{\"@context\":\"https:\\\/\\\/schema.org\",\"@graph\":[{\"@type\":\"Article\",\"@id\":\"https:\\\/\\\/digicrac.com\\\/fr\\\/c-est-qui-le-patron-la-juste-place-du-digital\\\/#article\",\"isPartOf\":{\"@id\":\"https:\\\/\\\/digicrac.com\\\/fr\\\/c-est-qui-le-patron-la-juste-place-du-digital\\\/\"},\"author\":{\"name\":\"Anne-Marie Urrutia Dumas\",\"@id\":\"https:\\\/\\\/digicrac.com\\\/fr\\\/#\\\/schema\\\/person\\\/5b7e37add363b7607f473c2e86fb930c\"},\"headline\":\"C&rsquo;est qui le patron ?\",\"datePublished\":\"2021-10-04T14:48:28+00:00\",\"dateModified\":\"2021-10-05T08:37:44+00:00\",\"mainEntityOfPage\":{\"@id\":\"https:\\\/\\\/digicrac.com\\\/fr\\\/c-est-qui-le-patron-la-juste-place-du-digital\\\/\"},\"wordCount\":612,\"publisher\":{\"@id\":\"https:\\\/\\\/digicrac.com\\\/fr\\\/#organization\"},\"image\":{\"@id\":\"https:\\\/\\\/digicrac.com\\\/fr\\\/c-est-qui-le-patron-la-juste-place-du-digital\\\/#primaryimage\"},\"thumbnailUrl\":\"https:\\\/\\\/digicrac.com\\\/wp-content\\\/uploads\\\/Infographie-Digicrac-Cest-qui-le-patron-Le-marketeur-condamne-a-livrer-a-Google-son-contenu-quotidien-GIF-scaled.gif\",\"keywords\":[\"algorithmes\",\"contenu\",\"SEO\"],\"articleSection\":[\"Actualit\u00e9s SEO\"],\"inLanguage\":\"fr-FR\"},{\"@type\":\"WebPage\",\"@id\":\"https:\\\/\\\/digicrac.com\\\/fr\\\/c-est-qui-le-patron-la-juste-place-du-digital\\\/\",\"url\":\"https:\\\/\\\/digicrac.com\\\/fr\\\/c-est-qui-le-patron-la-juste-place-du-digital\\\/\",\"name\":\"C'est qui le patron ?- par Anne-Marie Urrutia Dumas - Digicrac\",\"isPartOf\":{\"@id\":\"https:\\\/\\\/digicrac.com\\\/fr\\\/#website\"},\"primaryImageOfPage\":{\"@id\":\"https:\\\/\\\/digicrac.com\\\/fr\\\/c-est-qui-le-patron-la-juste-place-du-digital\\\/#primaryimage\"},\"image\":{\"@id\":\"https:\\\/\\\/digicrac.com\\\/fr\\\/c-est-qui-le-patron-la-juste-place-du-digital\\\/#primaryimage\"},\"thumbnailUrl\":\"https:\\\/\\\/digicrac.com\\\/wp-content\\\/uploads\\\/Infographie-Digicrac-Cest-qui-le-patron-Le-marketeur-condamne-a-livrer-a-Google-son-contenu-quotidien-GIF-scaled.gif\",\"datePublished\":\"2021-10-04T14:48:28+00:00\",\"dateModified\":\"2021-10-05T08:37:44+00:00\",\"description\":\"C'est qui le patron ? La production de contenu doit-elle \u00eatre uniquement motiv\u00e9e par la satisfaction de l'algorithme Google ? Quel impact pour ce contenu \\\"d\u00e9mat\u00e9rialis\u00e9\\\" ? Un plaidoyer pour laisser le digital \u00e0 sa juste place dans la vie des humains\",\"breadcrumb\":{\"@id\":\"https:\\\/\\\/digicrac.com\\\/fr\\\/c-est-qui-le-patron-la-juste-place-du-digital\\\/#breadcrumb\"},\"inLanguage\":\"fr-FR\",\"potentialAction\":[{\"@type\":\"ReadAction\",\"target\":[\"https:\\\/\\\/digicrac.com\\\/fr\\\/c-est-qui-le-patron-la-juste-place-du-digital\\\/\"]}]},{\"@type\":\"ImageObject\",\"inLanguage\":\"fr-FR\",\"@id\":\"https:\\\/\\\/digicrac.com\\\/fr\\\/c-est-qui-le-patron-la-juste-place-du-digital\\\/#primaryimage\",\"url\":\"https:\\\/\\\/digicrac.com\\\/wp-content\\\/uploads\\\/Infographie-Digicrac-Cest-qui-le-patron-Le-marketeur-condamne-a-livrer-a-Google-son-contenu-quotidien-GIF-scaled.gif\",\"contentUrl\":\"https:\\\/\\\/digicrac.com\\\/wp-content\\\/uploads\\\/Infographie-Digicrac-Cest-qui-le-patron-Le-marketeur-condamne-a-livrer-a-Google-son-contenu-quotidien-GIF-scaled.gif\",\"width\":2560,\"height\":1499,\"caption\":\"C'est qui le patron ou la juste place du digital dans la vie des humains - Infographie Digicrac\"},{\"@type\":\"BreadcrumbList\",\"@id\":\"https:\\\/\\\/digicrac.com\\\/fr\\\/c-est-qui-le-patron-la-juste-place-du-digital\\\/#breadcrumb\",\"itemListElement\":[{\"@type\":\"ListItem\",\"position\":1,\"name\":\"Home\",\"item\":\"https:\\\/\\\/digicrac.com\\\/fr\\\/\"},{\"@type\":\"ListItem\",\"position\":2,\"name\":\"C&rsquo;est qui le patron ?\"}]},{\"@type\":\"WebSite\",\"@id\":\"https:\\\/\\\/digicrac.com\\\/fr\\\/#website\",\"url\":\"https:\\\/\\\/digicrac.com\\\/fr\\\/\",\"name\":\"DIGICRAC\",\"description\":\"Agence de marketing digital\",\"publisher\":{\"@id\":\"https:\\\/\\\/digicrac.com\\\/fr\\\/#organization\"},\"potentialAction\":[{\"@type\":\"SearchAction\",\"target\":{\"@type\":\"EntryPoint\",\"urlTemplate\":\"https:\\\/\\\/digicrac.com\\\/fr\\\/?s={search_term_string}\"},\"query-input\":{\"@type\":\"PropertyValueSpecification\",\"valueRequired\":true,\"valueName\":\"search_term_string\"}}],\"inLanguage\":\"fr-FR\"},{\"@type\":\"Organization\",\"@id\":\"https:\\\/\\\/digicrac.com\\\/fr\\\/#organization\",\"name\":\"DIGICRAC\",\"url\":\"https:\\\/\\\/digicrac.com\\\/fr\\\/\",\"logo\":{\"@type\":\"ImageObject\",\"inLanguage\":\"fr-FR\",\"@id\":\"https:\\\/\\\/digicrac.com\\\/fr\\\/#\\\/schema\\\/logo\\\/image\\\/\",\"url\":\"https:\\\/\\\/digicrac.com\\\/wp-content\\\/uploads\\\/LINKEDIN-LOGO-DIGICRAC-2018-BLANCO.jpg\",\"contentUrl\":\"https:\\\/\\\/digicrac.com\\\/wp-content\\\/uploads\\\/LINKEDIN-LOGO-DIGICRAC-2018-BLANCO.jpg\",\"width\":400,\"height\":400,\"caption\":\"DIGICRAC\"},\"image\":{\"@id\":\"https:\\\/\\\/digicrac.com\\\/fr\\\/#\\\/schema\\\/logo\\\/image\\\/\"}},{\"@type\":\"Person\",\"@id\":\"https:\\\/\\\/digicrac.com\\\/fr\\\/#\\\/schema\\\/person\\\/5b7e37add363b7607f473c2e86fb930c\",\"name\":\"Anne-Marie Urrutia Dumas\",\"image\":{\"@type\":\"ImageObject\",\"inLanguage\":\"fr-FR\",\"@id\":\"https:\\\/\\\/secure.gravatar.com\\\/avatar\\\/782ce875d72e06d4b68c9cb3df7fcd98033dbd326c7b325f8f4dba659636b33b?s=96&d=mm&r=g\",\"url\":\"https:\\\/\\\/secure.gravatar.com\\\/avatar\\\/782ce875d72e06d4b68c9cb3df7fcd98033dbd326c7b325f8f4dba659636b33b?s=96&d=mm&r=g\",\"contentUrl\":\"https:\\\/\\\/secure.gravatar.com\\\/avatar\\\/782ce875d72e06d4b68c9cb3df7fcd98033dbd326c7b325f8f4dba659636b33b?s=96&d=mm&r=g\",\"caption\":\"Anne-Marie Urrutia Dumas\"},\"description\":\"Sp\u00e9cialiste de la cr\u00e9ation de trafic, Anne-Marie Urrutia Dumas \u00e9largit son champ d'action au web d\u00e8s 1998, o\u00f9 elle g\u00e8re son premier site web. Apr\u00e8s avoir lanc\u00e9 le marketing aux Editions Gallimard, et pris la Direction Marketing-Communication d\u2019un distributeur discount, elle cr\u00e9e ledietivore.com, un cybermarch\u00e9 alimentaire di\u00e9t\u00e9tique. Experte en marketing digital pour Paris Pionni\u00e8res, les Premi\u00e8res, Fondation Entreprendre, elle conseille plus de 50 start-ups innovantes sur leurs probl\u00e9matiques de r\u00e9f\u00e9rencement. Pendant 3 ans en Argentine, elle d\u00e9veloppe des m\u00e9thodologies de traduction SEO. En 2018, elle co-cr\u00e9e Digicrac \u00e0 Paris et lance Digital EvaluationTM, une solution de d\u00e9tection des attentes de consommateurs \u00e0 partir de leurs recherches sur Google.\",\"sameAs\":[\"http:\\\/\\\/digicrac.com\"]}]}<\/script>\n<!-- \/ Yoast SEO plugin. -->","yoast_head_json":{"title":"C'est qui le patron ?- par Anne-Marie Urrutia Dumas - Digicrac","description":"C'est qui le patron ? La production de contenu doit-elle \u00eatre uniquement motiv\u00e9e par la satisfaction de l'algorithme Google ? Quel impact pour ce contenu \"d\u00e9mat\u00e9rialis\u00e9\" ? Un plaidoyer pour laisser le digital \u00e0 sa juste place dans la vie des humains","robots":{"index":"index","follow":"follow","max-snippet":"max-snippet:-1","max-image-preview":"max-image-preview:large","max-video-preview":"max-video-preview:-1"},"canonical":"https:\/\/digicrac.com\/fr\/c-est-qui-le-patron-la-juste-place-du-digital\/","og_locale":"fr_FR","og_type":"article","og_title":"C'est qui le patron ?- par Anne-Marie Urrutia Dumas - Digicrac","og_description":"C'est qui le patron ? La production de contenu doit-elle \u00eatre uniquement motiv\u00e9e par la satisfaction de l'algorithme Google ? Quel impact pour ce contenu \"d\u00e9mat\u00e9rialis\u00e9\" ? Un plaidoyer pour laisser le digital \u00e0 sa juste place dans la vie des humains","og_url":"https:\/\/digicrac.com\/fr\/c-est-qui-le-patron-la-juste-place-du-digital\/","og_site_name":"DIGICRAC","article_published_time":"2021-10-04T14:48:28+00:00","article_modified_time":"2021-10-05T08:37:44+00:00","og_image":[{"width":2560,"height":1499,"url":"https:\/\/digicrac.com\/wp-content\/uploads\/Infographie-Digicrac-Cest-qui-le-patron-Le-marketeur-condamne-a-livrer-a-Google-son-contenu-quotidien-GIF-scaled.gif","type":"image\/gif"}],"author":"Anne-Marie Urrutia Dumas","twitter_card":"summary_large_image","twitter_misc":{"\u00c9crit par":"Anne-Marie Urrutia Dumas","Dur\u00e9e de lecture estim\u00e9e":"3 minutes"},"schema":{"@context":"https:\/\/schema.org","@graph":[{"@type":"Article","@id":"https:\/\/digicrac.com\/fr\/c-est-qui-le-patron-la-juste-place-du-digital\/#article","isPartOf":{"@id":"https:\/\/digicrac.com\/fr\/c-est-qui-le-patron-la-juste-place-du-digital\/"},"author":{"name":"Anne-Marie Urrutia Dumas","@id":"https:\/\/digicrac.com\/fr\/#\/schema\/person\/5b7e37add363b7607f473c2e86fb930c"},"headline":"C&rsquo;est qui le patron ?","datePublished":"2021-10-04T14:48:28+00:00","dateModified":"2021-10-05T08:37:44+00:00","mainEntityOfPage":{"@id":"https:\/\/digicrac.com\/fr\/c-est-qui-le-patron-la-juste-place-du-digital\/"},"wordCount":612,"publisher":{"@id":"https:\/\/digicrac.com\/fr\/#organization"},"image":{"@id":"https:\/\/digicrac.com\/fr\/c-est-qui-le-patron-la-juste-place-du-digital\/#primaryimage"},"thumbnailUrl":"https:\/\/digicrac.com\/wp-content\/uploads\/Infographie-Digicrac-Cest-qui-le-patron-Le-marketeur-condamne-a-livrer-a-Google-son-contenu-quotidien-GIF-scaled.gif","keywords":["algorithmes","contenu","SEO"],"articleSection":["Actualit\u00e9s SEO"],"inLanguage":"fr-FR"},{"@type":"WebPage","@id":"https:\/\/digicrac.com\/fr\/c-est-qui-le-patron-la-juste-place-du-digital\/","url":"https:\/\/digicrac.com\/fr\/c-est-qui-le-patron-la-juste-place-du-digital\/","name":"C'est qui le patron ?- par Anne-Marie Urrutia Dumas - Digicrac","isPartOf":{"@id":"https:\/\/digicrac.com\/fr\/#website"},"primaryImageOfPage":{"@id":"https:\/\/digicrac.com\/fr\/c-est-qui-le-patron-la-juste-place-du-digital\/#primaryimage"},"image":{"@id":"https:\/\/digicrac.com\/fr\/c-est-qui-le-patron-la-juste-place-du-digital\/#primaryimage"},"thumbnailUrl":"https:\/\/digicrac.com\/wp-content\/uploads\/Infographie-Digicrac-Cest-qui-le-patron-Le-marketeur-condamne-a-livrer-a-Google-son-contenu-quotidien-GIF-scaled.gif","datePublished":"2021-10-04T14:48:28+00:00","dateModified":"2021-10-05T08:37:44+00:00","description":"C'est qui le patron ? La production de contenu doit-elle \u00eatre uniquement motiv\u00e9e par la satisfaction de l'algorithme Google ? Quel impact pour ce contenu \"d\u00e9mat\u00e9rialis\u00e9\" ? Un plaidoyer pour laisser le digital \u00e0 sa juste place dans la vie des humains","breadcrumb":{"@id":"https:\/\/digicrac.com\/fr\/c-est-qui-le-patron-la-juste-place-du-digital\/#breadcrumb"},"inLanguage":"fr-FR","potentialAction":[{"@type":"ReadAction","target":["https:\/\/digicrac.com\/fr\/c-est-qui-le-patron-la-juste-place-du-digital\/"]}]},{"@type":"ImageObject","inLanguage":"fr-FR","@id":"https:\/\/digicrac.com\/fr\/c-est-qui-le-patron-la-juste-place-du-digital\/#primaryimage","url":"https:\/\/digicrac.com\/wp-content\/uploads\/Infographie-Digicrac-Cest-qui-le-patron-Le-marketeur-condamne-a-livrer-a-Google-son-contenu-quotidien-GIF-scaled.gif","contentUrl":"https:\/\/digicrac.com\/wp-content\/uploads\/Infographie-Digicrac-Cest-qui-le-patron-Le-marketeur-condamne-a-livrer-a-Google-son-contenu-quotidien-GIF-scaled.gif","width":2560,"height":1499,"caption":"C'est qui le patron ou la juste place du digital dans la vie des humains - Infographie Digicrac"},{"@type":"BreadcrumbList","@id":"https:\/\/digicrac.com\/fr\/c-est-qui-le-patron-la-juste-place-du-digital\/#breadcrumb","itemListElement":[{"@type":"ListItem","position":1,"name":"Home","item":"https:\/\/digicrac.com\/fr\/"},{"@type":"ListItem","position":2,"name":"C&rsquo;est qui le patron ?"}]},{"@type":"WebSite","@id":"https:\/\/digicrac.com\/fr\/#website","url":"https:\/\/digicrac.com\/fr\/","name":"DIGICRAC","description":"Agence de marketing digital","publisher":{"@id":"https:\/\/digicrac.com\/fr\/#organization"},"potentialAction":[{"@type":"SearchAction","target":{"@type":"EntryPoint","urlTemplate":"https:\/\/digicrac.com\/fr\/?s={search_term_string}"},"query-input":{"@type":"PropertyValueSpecification","valueRequired":true,"valueName":"search_term_string"}}],"inLanguage":"fr-FR"},{"@type":"Organization","@id":"https:\/\/digicrac.com\/fr\/#organization","name":"DIGICRAC","url":"https:\/\/digicrac.com\/fr\/","logo":{"@type":"ImageObject","inLanguage":"fr-FR","@id":"https:\/\/digicrac.com\/fr\/#\/schema\/logo\/image\/","url":"https:\/\/digicrac.com\/wp-content\/uploads\/LINKEDIN-LOGO-DIGICRAC-2018-BLANCO.jpg","contentUrl":"https:\/\/digicrac.com\/wp-content\/uploads\/LINKEDIN-LOGO-DIGICRAC-2018-BLANCO.jpg","width":400,"height":400,"caption":"DIGICRAC"},"image":{"@id":"https:\/\/digicrac.com\/fr\/#\/schema\/logo\/image\/"}},{"@type":"Person","@id":"https:\/\/digicrac.com\/fr\/#\/schema\/person\/5b7e37add363b7607f473c2e86fb930c","name":"Anne-Marie Urrutia Dumas","image":{"@type":"ImageObject","inLanguage":"fr-FR","@id":"https:\/\/secure.gravatar.com\/avatar\/782ce875d72e06d4b68c9cb3df7fcd98033dbd326c7b325f8f4dba659636b33b?s=96&d=mm&r=g","url":"https:\/\/secure.gravatar.com\/avatar\/782ce875d72e06d4b68c9cb3df7fcd98033dbd326c7b325f8f4dba659636b33b?s=96&d=mm&r=g","contentUrl":"https:\/\/secure.gravatar.com\/avatar\/782ce875d72e06d4b68c9cb3df7fcd98033dbd326c7b325f8f4dba659636b33b?s=96&d=mm&r=g","caption":"Anne-Marie Urrutia Dumas"},"description":"Sp\u00e9cialiste de la cr\u00e9ation de trafic, Anne-Marie Urrutia Dumas \u00e9largit son champ d'action au web d\u00e8s 1998, o\u00f9 elle g\u00e8re son premier site web. Apr\u00e8s avoir lanc\u00e9 le marketing aux Editions Gallimard, et pris la Direction Marketing-Communication d\u2019un distributeur discount, elle cr\u00e9e ledietivore.com, un cybermarch\u00e9 alimentaire di\u00e9t\u00e9tique. Experte en marketing digital pour Paris Pionni\u00e8res, les Premi\u00e8res, Fondation Entreprendre, elle conseille plus de 50 start-ups innovantes sur leurs probl\u00e9matiques de r\u00e9f\u00e9rencement. Pendant 3 ans en Argentine, elle d\u00e9veloppe des m\u00e9thodologies de traduction SEO. En 2018, elle co-cr\u00e9e Digicrac \u00e0 Paris et lance Digital EvaluationTM, une solution de d\u00e9tection des attentes de consommateurs \u00e0 partir de leurs recherches sur Google.","sameAs":["http:\/\/digicrac.com"]}]}},"_links":{"self":[{"href":"https:\/\/digicrac.com\/fr\/wp-json\/wp\/v2\/posts\/3318","targetHints":{"allow":["GET"]}}],"collection":[{"href":"https:\/\/digicrac.com\/fr\/wp-json\/wp\/v2\/posts"}],"about":[{"href":"https:\/\/digicrac.com\/fr\/wp-json\/wp\/v2\/types\/post"}],"author":[{"embeddable":true,"href":"https:\/\/digicrac.com\/fr\/wp-json\/wp\/v2\/users\/5"}],"replies":[{"embeddable":true,"href":"https:\/\/digicrac.com\/fr\/wp-json\/wp\/v2\/comments?post=3318"}],"version-history":[{"count":0,"href":"https:\/\/digicrac.com\/fr\/wp-json\/wp\/v2\/posts\/3318\/revisions"}],"wp:featuredmedia":[{"embeddable":true,"href":"https:\/\/digicrac.com\/fr\/wp-json\/wp\/v2\/media\/3322"}],"wp:attachment":[{"href":"https:\/\/digicrac.com\/fr\/wp-json\/wp\/v2\/media?parent=3318"}],"wp:term":[{"taxonomy":"category","embeddable":true,"href":"https:\/\/digicrac.com\/fr\/wp-json\/wp\/v2\/categories?post=3318"},{"taxonomy":"post_tag","embeddable":true,"href":"https:\/\/digicrac.com\/fr\/wp-json\/wp\/v2\/tags?post=3318"}],"curies":[{"name":"wp","href":"https:\/\/api.w.org\/{rel}","templated":true}]}}